{"id":6070,"date":"2025-11-17T15:20:55","date_gmt":"2025-11-17T14:20:55","guid":{"rendered":"https:\/\/solution4u.sk\/ford-transit-2-0-tdci-eb-130k-m6-fwd-96kw-van-l3-h2-van-worker\/"},"modified":"2025-11-17T15:21:13","modified_gmt":"2025-11-17T14:21:13","slug":"ford-transit-2-0-tdci-eb-130k-m6-fwd-96kw-van-l3-h2-van-worker","status":"publish","type":"post","link":"https:\/\/solution4u.sk\/de\/ford-transit-2-0-tdci-eb-130k-m6-fwd-96kw-van-l3-h2-van-worker\/","title":{"rendered":"Ford Transit 2.0 TDCi EB 130k M6 &#8211; FWD (96kW) VAN L3 H2 VAN Worker"},"content":{"rendered":"<div>1. Anmeldung November, Lieferung Dezember<\/div>\n<div><\/div>\n<div><strong>Zus\u00e4tzliche Ausr\u00fcstung:<\/strong><\/div>\n<div>A3EAB &#8211; Schmutzf\u00e4nger vorne<\/div>\n<div>D17AD &#8211; Stahl-Ersatzrad + Werkzeug<\/div>\n<div><\/div>\n<div><strong>Serienm\u00e4\u00dfige Ausstattung:<\/strong><\/div>\n<div>In H\u00f6he und L\u00e4nge verstellbares Lenkrad<\/div>\n<div>Get\u00f6nte Scheiben<\/div>\n<div>EPAS &#8211; elektrische Servolenkung mit variablem Effekt<\/div>\n<div>Nicht-metallische Farbe<\/div>\n<div>Front-Airbag f\u00fcr den Fahrer<\/div>\n<div>Breite Schutzstreifen an den Seiten des K\u00f6rpers<\/div>\n<div>Reparaturset f\u00fcr Reifenpannen<\/div>\n<div>TPMS &#8211; aktives Reifendruckkontrollsystem<\/div>\n<div>Abgasreinigungssystem mit AdBlue-Zusatzstoffeinspritzung + AdBlue-Tank<\/div>\n<div>Beleuchtung des Laderaums<\/div>\n<div>PATS-Wegfahrsperre<\/div>\n<div>Elektrisch bet\u00e4tigte und beheizte Au\u00dfenspiegel mit integrierten Blinkern<\/div>\n<div>Einparkhilfe mit hinteren Sensoren<\/div>\n<div>1x Klappschl\u00fcssel mit Fernbedienung, 1 x fester Schl\u00fcssel<\/div>\n<div>Erweiterte Ford Protect Werksgarantie 5 Jahre \/ 200.000 km<\/div>\n<div>Start\/Stop-System<\/div>\n<div>Automatische Fernlichtschaltung<\/div>\n<div>Seitliche Schiebet\u00fcr auf der rechten Seite des Laderaums<\/div>\n<div>Elektrisch beheizte Windschutzscheibe &#8211; Quickclear, Waschfl\u00fcssigkeitsstandanzeige<\/div>\n<div>Integrierte dritte Bremsleuchte in der hinteren T\u00fcr des Laderaums<\/div>\n<div>6,5 x 16&#8243; Stahlfelgen, 235\/65 C Reifen<\/div>\n<div>Zentralverriegelung mit Fernbedienung und automatischer Verriegelung nach dem Losfahren<\/div>\n<div>3-Punkt-Sicherheitsgurte auf allen Sitzen mit akustischem Warnsignal bei nicht angelegten Sicherheitsgurten<\/div>\n<div>Komposit-Trennwand zur Abtrennung des Laderaums mit integriertem Fenster<\/div>\n<div>Lichtsensor (automatische Scheinwerferfunktion) + Regensensor<\/div>\n<div>Elektronische Parkbremse mit AUTO HOLD Funktion<\/div>\n<div>Ablage \u00fcber der Windschutzscheibe<\/div>\n<div>Schmutzf\u00e4nger hinten<\/div>\n<div>Drahtlose Verbindung f\u00fcr Apple CarPlay und Android Auto, Bluetooth, USB A + USB C, Bedienelemente am Lenkrad<\/div>\n<div>Halogenscheinwerfer mit Tagfahrlicht<\/div>\n<div>Ford Euroservice Assistenzservice 2 Jahre lang kostenlos in ganz Europa<\/div>\n<div>Assist 2-Paket: Pre-Collision Assist mit Fu\u00dfg\u00e4nger- und Radfahrererkennung, intelligenter Tempomat, LKA-Spurhalteassistent, Verkehrszeichenerkennung, Fahrerwarnsystem<\/div>\n<div>Elektrisch bet\u00e4tigte vordere Seitenscheiben mit One-Touch-\u00d6ffnung\/Schlie\u00dfung auf der Fahrerseite<\/div>\n<div>ICE 2: SYNC4-System mit 12-Zoll-Touchscreen, AM\/FM\/DAB-Radio, 4 Lautsprecher, automatische Notruffunktion &#8220;Emergency Assist&#8221;.<\/div>\n<div>Externe LED-Beleuchtung f\u00fcr den Laderaumeingang<\/div>\n<div>Frontsto\u00dfstange &#8211; teilweise lackiert<\/div>\n<div>Hintere Sto\u00dfstange &#8211; schwarz unlackiert<\/div>\n<div>Automatische Klimaanlage &#8211; vorne + Pollenfilter<\/div>\n<div>Elektronisches Stabilit\u00e4tsprogramm (ESP) &#8211; einschlie\u00dflich ABS, Berganfahrassistent und andere Systeme zur Unterst\u00fctzung von Stabilit\u00e4t, Traktion und Bremsen (EBA, EBD, TCS, ROM, LAC, TVC, RSC)<\/div>\n<div>Ablagefach vor dem Beifahrersitz<\/div>\n<div>Kraftstofftank &#8211; 70 Liter Fassungsverm\u00f6gen, &#8220;EasyFuel&#8221;-Tankdeckel zur Vermeidung von Falschbetankung<\/div>\n<div>6A Vordersitzgarnitur &#8211; 4-fach verstellbarer Fahrersitz, geteilter klappbarer Beifahrersitz mit Stauraum, Stoff Dark Palazzo gray<\/div>\n<div>Unverglaste hintere Doppelt\u00fcren mit 200\u00b0 \u00d6ffnung<\/div>\n<div>10 x Verzurr\u00f6sen im Laderaum<\/div>\n<div>AGM H7 Batterie, 80Ah, 800A, 240A Lichtmaschine<\/div>\n<div>8&#8243; digitale Instrumententafel<\/div>\n","protected":false},"excerpt":{"rendered":"<p>1. Anmeldung November, Lieferung Dezember Zus\u00e4tzliche Ausr\u00fcstung: A3EAB &#8211; Schmutzf\u00e4nger  [&#8230;]<\/p>\n","protected":false},"author":1,"featured_media":0,"comment_status":"open","ping_status":"open","sticky":false,"template":"","format":"standard","meta":{"_acf_changed":false,"footnotes":""},"categories":[161],"tags":[],"class_list":["post-6070","post","type-post","status-publish","format-standard","hentry","category-unkategorisiert"],"acf":[],"yoast_head":"<!-- This site is optimized with the Yoast SEO plugin v24.6 - https:\/\/yoast.com\/wordpress\/plugins\/seo\/ -->\n<title>Ford Transit 2.0 TDCi EB 130k M6 - FWD (96kW) VAN L3 H2 VAN Worker - solution4U.sk<\/title>\n<meta name=\"robots\" content=\"index, follow, max-snippet:-1, max-image-preview:large, max-video-preview:-1\" \/>\n<link rel=\"canonical\" href=\"https:\/\/solution4u.sk\/de\/ford-transit-2-0-tdci-eb-130k-m6-fwd-96kw-van-l3-h2-van-worker\/\" \/>\n<meta property=\"og:locale\" content=\"de_DE\" \/>\n<meta property=\"og:type\" content=\"article\" \/>\n<meta property=\"og:title\" content=\"Ford Transit 2.0 TDCi EB 130k M6 - FWD (96kW) VAN L3 H2 VAN Worker - solution4U.sk\" \/>\n<meta property=\"og:description\" content=\"1. Anmeldung November, Lieferung Dezember Zus\u00e4tzliche Ausr\u00fcstung: A3EAB &#8211; Schmutzf\u00e4nger [...]\" \/>\n<meta property=\"og:url\" content=\"https:\/\/solution4u.sk\/de\/ford-transit-2-0-tdci-eb-130k-m6-fwd-96kw-van-l3-h2-van-worker\/\" \/>\n<meta property=\"og:site_name\" content=\"solution4U.sk\" \/>\n<meta property=\"article:published_time\" content=\"2025-11-17T14:20:55+00:00\" \/>\n<meta property=\"article:modified_time\" content=\"2025-11-17T14:21:13+00:00\" \/>\n<meta name=\"author\" content=\"admin\" \/>\n<meta name=\"twitter:card\" content=\"summary_large_image\" \/>\n<meta name=\"twitter:label1\" content=\"Verfasst von\" \/>\n\t<meta name=\"twitter:data1\" content=\"admin\" \/>\n\t<meta name=\"twitter:label2\" content=\"Gesch\u00e4tzte Lesezeit\" \/>\n\t<meta name=\"twitter:data2\" content=\"2\u00a0Minuten\" \/>\n<script type=\"application\/ld+json\" class=\"yoast-schema-graph\">{\"@context\":\"https:\/\/schema.org\",\"@graph\":[{\"@type\":\"WebPage\",\"@id\":\"https:\/\/solution4u.sk\/de\/ford-transit-2-0-tdci-eb-130k-m6-fwd-96kw-van-l3-h2-van-worker\/\",\"url\":\"https:\/\/solution4u.sk\/de\/ford-transit-2-0-tdci-eb-130k-m6-fwd-96kw-van-l3-h2-van-worker\/\",\"name\":\"Ford Transit 2.0 TDCi EB 130k M6 - FWD (96kW) VAN L3 H2 VAN Worker - solution4U.sk\",\"isPartOf\":{\"@id\":\"https:\/\/solution4u.sk\/#website\"},\"datePublished\":\"2025-11-17T14:20:55+00:00\",\"dateModified\":\"2025-11-17T14:21:13+00:00\",\"author\":{\"@id\":\"https:\/\/solution4u.sk\/#\/schema\/person\/fa96141f4cf55485956bf4b6f2a48b71\"},\"breadcrumb\":{\"@id\":\"https:\/\/solution4u.sk\/de\/ford-transit-2-0-tdci-eb-130k-m6-fwd-96kw-van-l3-h2-van-worker\/#breadcrumb\"},\"inLanguage\":\"de\",\"potentialAction\":[{\"@type\":\"ReadAction\",\"target\":[\"https:\/\/solution4u.sk\/de\/ford-transit-2-0-tdci-eb-130k-m6-fwd-96kw-van-l3-h2-van-worker\/\"]}]},{\"@type\":\"BreadcrumbList\",\"@id\":\"https:\/\/solution4u.sk\/de\/ford-transit-2-0-tdci-eb-130k-m6-fwd-96kw-van-l3-h2-van-worker\/#breadcrumb\",\"itemListElement\":[{\"@type\":\"ListItem\",\"position\":1,\"name\":\"Domovsk\u00e1 str\u00e1nka\",\"item\":\"https:\/\/solution4u.sk\/de\/solution4u-sk\/\"},{\"@type\":\"ListItem\",\"position\":2,\"name\":\"Ford Transit 2.0 TDCi EB 130k M6 &#8211; FWD (96kW) VAN L3 H2 VAN Worker\"}]},{\"@type\":\"WebSite\",\"@id\":\"https:\/\/solution4u.sk\/#website\",\"url\":\"https:\/\/solution4u.sk\/\",\"name\":\"solution4U.sk\",\"description\":\"M\u00e1me radi aut\u00e1\",\"potentialAction\":[{\"@type\":\"SearchAction\",\"target\":{\"@type\":\"EntryPoint\",\"urlTemplate\":\"https:\/\/solution4u.sk\/?s={search_term_string}\"},\"query-input\":{\"@type\":\"PropertyValueSpecification\",\"valueRequired\":true,\"valueName\":\"search_term_string\"}}],\"inLanguage\":\"de\"},{\"@type\":\"Person\",\"@id\":\"https:\/\/solution4u.sk\/#\/schema\/person\/fa96141f4cf55485956bf4b6f2a48b71\",\"name\":\"admin\",\"image\":{\"@type\":\"ImageObject\",\"inLanguage\":\"de\",\"@id\":\"https:\/\/solution4u.sk\/#\/schema\/person\/image\/\",\"url\":\"https:\/\/secure.gravatar.com\/avatar\/86f23df45c8aeaaaad2ee032ecdf94b43c33fae15092cb8ddd4ee50e8f13b587?s=96&d=mm&r=g\",\"contentUrl\":\"https:\/\/secure.gravatar.com\/avatar\/86f23df45c8aeaaaad2ee032ecdf94b43c33fae15092cb8ddd4ee50e8f13b587?s=96&d=mm&r=g\",\"caption\":\"admin\"},\"description\":\"+421907802816\",\"sameAs\":[\"https:\/\/www.linkedin.com\/in\/janhlava\/\"],\"url\":\"https:\/\/solution4u.sk\/de\/author\/admin\/\"}]}<\/script>\n<!-- \/ Yoast SEO plugin. -->","yoast_head_json":{"title":"Ford Transit 2.0 TDCi EB 130k M6 - FWD (96kW) VAN L3 H2 VAN Worker - solution4U.sk","robots":{"index":"index","follow":"follow","max-snippet":"max-snippet:-1","max-image-preview":"max-image-preview:large","max-video-preview":"max-video-preview:-1"},"canonical":"https:\/\/solution4u.sk\/de\/ford-transit-2-0-tdci-eb-130k-m6-fwd-96kw-van-l3-h2-van-worker\/","og_locale":"de_DE","og_type":"article","og_title":"Ford Transit 2.0 TDCi EB 130k M6 - FWD (96kW) VAN L3 H2 VAN Worker - solution4U.sk","og_description":"1. Anmeldung November, Lieferung Dezember Zus\u00e4tzliche Ausr\u00fcstung: A3EAB &#8211; Schmutzf\u00e4nger [...]","og_url":"https:\/\/solution4u.sk\/de\/ford-transit-2-0-tdci-eb-130k-m6-fwd-96kw-van-l3-h2-van-worker\/","og_site_name":"solution4U.sk","article_published_time":"2025-11-17T14:20:55+00:00","article_modified_time":"2025-11-17T14:21:13+00:00","author":"admin","twitter_card":"summary_large_image","twitter_misc":{"Verfasst von":"admin","Gesch\u00e4tzte Lesezeit":"2\u00a0Minuten"},"schema":{"@context":"https:\/\/schema.org","@graph":[{"@type":"WebPage","@id":"https:\/\/solution4u.sk\/de\/ford-transit-2-0-tdci-eb-130k-m6-fwd-96kw-van-l3-h2-van-worker\/","url":"https:\/\/solution4u.sk\/de\/ford-transit-2-0-tdci-eb-130k-m6-fwd-96kw-van-l3-h2-van-worker\/","name":"Ford Transit 2.0 TDCi EB 130k M6 - FWD (96kW) VAN L3 H2 VAN Worker - solution4U.sk","isPartOf":{"@id":"https:\/\/solution4u.sk\/#website"},"datePublished":"2025-11-17T14:20:55+00:00","dateModified":"2025-11-17T14:21:13+00:00","author":{"@id":"https:\/\/solution4u.sk\/#\/schema\/person\/fa96141f4cf55485956bf4b6f2a48b71"},"breadcrumb":{"@id":"https:\/\/solution4u.sk\/de\/ford-transit-2-0-tdci-eb-130k-m6-fwd-96kw-van-l3-h2-van-worker\/#breadcrumb"},"inLanguage":"de","potentialAction":[{"@type":"ReadAction","target":["https:\/\/solution4u.sk\/de\/ford-transit-2-0-tdci-eb-130k-m6-fwd-96kw-van-l3-h2-van-worker\/"]}]},{"@type":"BreadcrumbList","@id":"https:\/\/solution4u.sk\/de\/ford-transit-2-0-tdci-eb-130k-m6-fwd-96kw-van-l3-h2-van-worker\/#breadcrumb","itemListElement":[{"@type":"ListItem","position":1,"name":"Domovsk\u00e1 str\u00e1nka","item":"https:\/\/solution4u.sk\/de\/solution4u-sk\/"},{"@type":"ListItem","position":2,"name":"Ford Transit 2.0 TDCi EB 130k M6 &#8211; FWD (96kW) VAN L3 H2 VAN Worker"}]},{"@type":"WebSite","@id":"https:\/\/solution4u.sk\/#website","url":"https:\/\/solution4u.sk\/","name":"solution4U.sk","description":"M\u00e1me radi aut\u00e1","potentialAction":[{"@type":"SearchAction","target":{"@type":"EntryPoint","urlTemplate":"https:\/\/solution4u.sk\/?s={search_term_string}"},"query-input":{"@type":"PropertyValueSpecification","valueRequired":true,"valueName":"search_term_string"}}],"inLanguage":"de"},{"@type":"Person","@id":"https:\/\/solution4u.sk\/#\/schema\/person\/fa96141f4cf55485956bf4b6f2a48b71","name":"admin","image":{"@type":"ImageObject","inLanguage":"de","@id":"https:\/\/solution4u.sk\/#\/schema\/person\/image\/","url":"https:\/\/secure.gravatar.com\/avatar\/86f23df45c8aeaaaad2ee032ecdf94b43c33fae15092cb8ddd4ee50e8f13b587?s=96&d=mm&r=g","contentUrl":"https:\/\/secure.gravatar.com\/avatar\/86f23df45c8aeaaaad2ee032ecdf94b43c33fae15092cb8ddd4ee50e8f13b587?s=96&d=mm&r=g","caption":"admin"},"description":"+421907802816","sameAs":["https:\/\/www.linkedin.com\/in\/janhlava\/"],"url":"https:\/\/solution4u.sk\/de\/author\/admin\/"}]}},"_links":{"self":[{"href":"https:\/\/solution4u.sk\/de\/wp-json\/wp\/v2\/posts\/6070","targetHints":{"allow":["GET"]}}],"collection":[{"href":"https:\/\/solution4u.sk\/de\/wp-json\/wp\/v2\/posts"}],"about":[{"href":"https:\/\/solution4u.sk\/de\/wp-json\/wp\/v2\/types\/post"}],"author":[{"embeddable":true,"href":"https:\/\/solution4u.sk\/de\/wp-json\/wp\/v2\/users\/1"}],"replies":[{"embeddable":true,"href":"https:\/\/solution4u.sk\/de\/wp-json\/wp\/v2\/comments?post=6070"}],"version-history":[{"count":1,"href":"https:\/\/solution4u.sk\/de\/wp-json\/wp\/v2\/posts\/6070\/revisions"}],"predecessor-version":[{"id":6071,"href":"https:\/\/solution4u.sk\/de\/wp-json\/wp\/v2\/posts\/6070\/revisions\/6071"}],"wp:attachment":[{"href":"https:\/\/solution4u.sk\/de\/wp-json\/wp\/v2\/media?parent=6070"}],"wp:term":[{"taxonomy":"category","embeddable":true,"href":"https:\/\/solution4u.sk\/de\/wp-json\/wp\/v2\/categories?post=6070"},{"taxonomy":"post_tag","embeddable":true,"href":"https:\/\/solution4u.sk\/de\/wp-json\/wp\/v2\/tags?post=6070"}],"curies":[{"name":"wp","href":"https:\/\/api.w.org\/{rel}","templated":true}]}}